{"id":5,"date":"2020-06-02T09:34:49","date_gmt":"2020-06-02T09:34:49","guid":{"rendered":"http:\/\/gespraechstherapie-lauingen.de\/?p=5"},"modified":"2020-06-02T09:34:49","modified_gmt":"2020-06-02T09:34:49","slug":"fragen-zur-sinnvollen-lebenszeit","status":"publish","type":"post","link":"https:\/\/gespraechstherapie-lauingen.de\/?p=5","title":{"rendered":"Fragen zur sinnvollen Lebenszeit&#8230;."},"content":{"rendered":"\n<p>..in Zeiten des covid 19 wird die Freiheit eines jeden Menschen mehr oder weniger eingeschr\u00e4nkt.  Wie lernt man sich selbst zur regulieren, wenn die Panik kommt, weil man sich nicht mehr so leicht ablenken kann? Was mache ich mit meiner Zeit, die ich nun mehr zur Verf\u00fcgung habe? Kommen jetzt vermehrt Gedanken, wie sinnvoll das Leben gestaltet ist? Was macht es mit den Menschen, die psychisch empfindlicher sind? Ziehen diese sich mehr in sich zur\u00fcck? Und mit denen, die Menschen um sich herum brauchen, wie Luft zum Atmen? Werden diese unleidlicher, weil kein Gegen\u00fcber da ist? Steigt dadurch die innere Aggression, die Wut, die kein Ventil findet, ob der Hilflosigkeit und Ohnmachtgef\u00fchl, weil mein Raum eingeschr\u00e4nkt ist, und ich mich nicht so bewegen darf, wie ich es gewohnt war? Wird jetzt die Wut an Schw\u00e4chere ausgelassen? Verbal oder auch k\u00f6rperlich? Steigen die Konflikte an,  weil es nicht mehr so einfach ist, sich aus dem Weg zu gehen? Was macht es mit den Kindern und Jugendlichen? Wie mag es wohl den J\u00fcngeren gehen, wenn die Eltern als &#8222;Vorbildfunktion&#8220; wegbrechen, weil diese sich \u00fcberfordert f\u00fchlen? Wo werden all die Menschen aufgefangen, die nicht mehr weiter wissen und sich einfach mies f\u00fchlen?  Wo liegt der Sinn in diesem Virus?<\/p>\n\n\n\n<p><\/p>\n","protected":false},"excerpt":{"rendered":"<p>..in Zeiten des covid 19 wird die Freiheit eines jeden Menschen mehr oder weniger eingeschr\u00e4nkt. Wie lernt man sich selbst zur regulieren, wenn die Panik kommt, weil man sich nicht mehr so leicht ablenken kann? Was mache ich mit meiner Zeit, die ich nun mehr zur Verf\u00fcgung habe? Kommen jetzt vermehrt Gedanken, wie sinnvoll das &hellip; <\/p>\n<p class=\"link-more\"><a href=\"https:\/\/gespraechstherapie-lauingen.de\/?p=5\" class=\"more-link\"><span class=\"screen-reader-text\">\u201eFragen zur sinnvollen Lebenszeit&#8230;.\u201c <\/span>weiterlesen<\/a><\/p>\n","protected":false},"author":1,"featured_media":0,"comment_status":"open","ping_status":"open","sticky":false,"template":"","format":"standard","meta":{"footnotes":""},"categories":[1],"tags":[],"class_list":["post-5","post","type-post","status-publish","format-standard","hentry","category-uncategorized"],"_links":{"self":[{"href":"https:\/\/gespraechstherapie-lauingen.de\/index.php?rest_route=\/wp\/v2\/posts\/5","targetHints":{"allow":["GET"]}}],"collection":[{"href":"https:\/\/gespraechstherapie-lauingen.de\/index.php?rest_route=\/wp\/v2\/posts"}],"about":[{"href":"https:\/\/gespraechstherapie-lauingen.de\/index.php?rest_route=\/wp\/v2\/types\/post"}],"author":[{"embeddable":true,"href":"https:\/\/gespraechstherapie-lauingen.de\/index.php?rest_route=\/wp\/v2\/users\/1"}],"replies":[{"embeddable":true,"href":"https:\/\/gespraechstherapie-lauingen.de\/index.php?rest_route=%2Fwp%2Fv2%2Fcomments&post=5"}],"version-history":[{"count":2,"href":"https:\/\/gespraechstherapie-lauingen.de\/index.php?rest_route=\/wp\/v2\/posts\/5\/revisions"}],"predecessor-version":[{"id":7,"href":"https:\/\/gespraechstherapie-lauingen.de\/index.php?rest_route=\/wp\/v2\/posts\/5\/revisions\/7"}],"wp:attachment":[{"href":"https:\/\/gespraechstherapie-lauingen.de\/index.php?rest_route=%2Fwp%2Fv2%2Fmedia&parent=5"}],"wp:term":[{"taxonomy":"category","embeddable":true,"href":"https:\/\/gespraechstherapie-lauingen.de\/index.php?rest_route=%2Fwp%2Fv2%2Fcategories&post=5"},{"taxonomy":"post_tag","embeddable":true,"href":"https:\/\/gespraechstherapie-lauingen.de\/index.php?rest_route=%2Fwp%2Fv2%2Ftags&post=5"}],"curies":[{"name":"wp","href":"https:\/\/api.w.org\/{rel}","templated":true}]}}