{"id":374,"date":"2024-07-15T18:02:27","date_gmt":"2024-07-15T18:02:27","guid":{"rendered":"https:\/\/gespraechstherapie-lauingen.de\/?p=374"},"modified":"2024-07-15T18:02:27","modified_gmt":"2024-07-15T18:02:27","slug":"generationenkonflikte","status":"publish","type":"post","link":"https:\/\/gespraechstherapie-lauingen.de\/?p=374","title":{"rendered":"Generationenkonflikte&#8230;.."},"content":{"rendered":"\n<p>Die \u00e4ltere generation versteht die junge generation nicht mehr. die ansichten unterscheiden sich kolossal. ich frage mich, woran liegt das. kann es sein, dass gef\u00fchlt, alle menschen verunsichert sind. in der heutigen zeit mit den negativen nachrichten, schlagzeilen ist der mensch nicht mehr imstande ruhig und gelassen zu agieren.<\/p>\n\n\n\n<p>wenn die &#8222;alten&#8220; sich nicht im griff haben und geplagt von angst und existenzn\u00f6te sind, wie sollen die &#8222;jungen&#8220; sich verhalten?<\/p>\n\n\n\n<p>jemand hat mal gesagt, jede generation zieht sich die kinder heran. sieh dir die kinder an, dann wei\u00dft du wie die gesellschaft tickt.<\/p>\n\n\n\n<p>wenn die erwachsenen nicht  vorbild sind, im sinne von gelassenheit, reflektiertheit, ruhe, besonnenheit, mut machend jedweder widrigkeit, hoffnung tragend, den wunsch die welt zu einem besseren ort zu machen, wo es freude macht zu leben, woher sollen die kinder das wissen?<\/p>\n\n\n\n<p>wenn die eltern sich in ihrem eigenen leid suhlen, sich als opfer f\u00fchlend, ob der &#8222;b\u00f6sen welt&#8220; da draussen, wie sollen ihre kinder dies bew\u00e4ltigen?<\/p>\n\n\n\n<p>wenn die menschen sich instrumentalisieren lassen von dem aussen, wie f\u00fchlt sich ein kind, ob dieser desolation, ,diesem durcheinander, das ihm pr\u00e4sentiert wird.<\/p>\n\n\n\n<p>ist es nicht verwunderlich, dass sich die jungen zur\u00fcck ziehen, in ihre eigene welt. sich abschottend, weil die alten keine sicherheit bieten, keine erkl\u00e4rungen, keinen mut etwas zu ver\u00e4ndern, keine m\u00f6glichkeiten oder ideen bieten, wie eine sch\u00f6nere, lebenswertere welt geschaffen werden kann?<\/p>\n\n\n\n<p>ich denke, jeder erwachsene sollte sich reflektieren und gewahr sein ob seiner gesinnung, bevor er sich entschlie\u00dft kinder in die welt zu entsenden. denn die kinder haben es sich nicht ausgesucht auf diese welt zu kommen. das haben die eltern entschieden. also haben diese auch die verantwortung und die pflicht, alles menschenf\u00fcrsorgliche daf\u00fcr zu tun um diese jungen in unserer heutigen zeit zu unterst\u00fctzen und wachsen und gedeihen zu lassen!<\/p>\n\n\n\n<p><\/p>\n\n\n\n<p><\/p>\n","protected":false},"excerpt":{"rendered":"<p>Die \u00e4ltere generation versteht die junge generation nicht mehr. die ansichten unterscheiden sich kolossal. ich frage mich, woran liegt das. kann es sein, dass gef\u00fchlt, alle menschen verunsichert sind. in der heutigen zeit mit den negativen nachrichten, schlagzeilen ist der mensch nicht mehr imstande ruhig und gelassen zu agieren. wenn die &#8222;alten&#8220; sich nicht im &hellip; <\/p>\n<p class=\"link-more\"><a href=\"https:\/\/gespraechstherapie-lauingen.de\/?p=374\" class=\"more-link\"><span class=\"screen-reader-text\">\u201eGenerationenkonflikte&#8230;..\u201c <\/span>weiterlesen<\/a><\/p>\n","protected":false},"author":1,"featured_media":0,"comment_status":"open","ping_status":"open","sticky":false,"template":"","format":"standard","meta":{"footnotes":""},"categories":[1],"tags":[64,6,61,63,62,22,52],"class_list":["post-374","post","type-post","status-publish","format-standard","hentry","category-uncategorized","tag-alten","tag-freude","tag-generation","tag-jungen","tag-konflikt","tag-verhalten","tag-welt"],"_links":{"self":[{"href":"https:\/\/gespraechstherapie-lauingen.de\/index.php?rest_route=\/wp\/v2\/posts\/374","targetHints":{"allow":["GET"]}}],"collection":[{"href":"https:\/\/gespraechstherapie-lauingen.de\/index.php?rest_route=\/wp\/v2\/posts"}],"about":[{"href":"https:\/\/gespraechstherapie-lauingen.de\/index.php?rest_route=\/wp\/v2\/types\/post"}],"author":[{"embeddable":true,"href":"https:\/\/gespraechstherapie-lauingen.de\/index.php?rest_route=\/wp\/v2\/users\/1"}],"replies":[{"embeddable":true,"href":"https:\/\/gespraechstherapie-lauingen.de\/index.php?rest_route=%2Fwp%2Fv2%2Fcomments&post=374"}],"version-history":[{"count":2,"href":"https:\/\/gespraechstherapie-lauingen.de\/index.php?rest_route=\/wp\/v2\/posts\/374\/revisions"}],"predecessor-version":[{"id":376,"href":"https:\/\/gespraechstherapie-lauingen.de\/index.php?rest_route=\/wp\/v2\/posts\/374\/revisions\/376"}],"wp:attachment":[{"href":"https:\/\/gespraechstherapie-lauingen.de\/index.php?rest_route=%2Fwp%2Fv2%2Fmedia&parent=374"}],"wp:term":[{"taxonomy":"category","embeddable":true,"href":"https:\/\/gespraechstherapie-lauingen.de\/index.php?rest_route=%2Fwp%2Fv2%2Fcategories&post=374"},{"taxonomy":"post_tag","embeddable":true,"href":"https:\/\/gespraechstherapie-lauingen.de\/index.php?rest_route=%2Fwp%2Fv2%2Ftags&post=374"}],"curies":[{"name":"wp","href":"https:\/\/api.w.org\/{rel}","templated":true}]}}