{"id":342,"date":"2023-02-25T18:57:00","date_gmt":"2023-02-25T18:57:00","guid":{"rendered":"https:\/\/gespraechstherapie-lauingen.de\/?p=342"},"modified":"2023-03-02T15:25:06","modified_gmt":"2023-03-02T15:25:06","slug":"die-welt-steht-kopf","status":"publish","type":"post","link":"https:\/\/gespraechstherapie-lauingen.de\/?p=342","title":{"rendered":"Die Welt steht Kopf&#8230;&#8230;"},"content":{"rendered":"\n<p>Die Welt der Menschen, wie sie sie bisher gekannt haben, gibt es so nicht mehr.<\/p>\n\n\n\n<p>Vorbei mit der Ruhe, mit der Gewohnheit, mit dem Konsum, mit der Bequemlichkeit.<\/p>\n\n\n\n<p>Angst und Panik wabert in der Luft und sickert langsam und unaufhaltsam in die Poren vieler Menschen ein.<\/p>\n\n\n\n<p>Einige Menschen haben eine &#8222;dicke&#8220; Haut und sie leben in ihren Gewohnheiten und ihrer geistigen Welt einfach so weiter vor sich hin.<\/p>\n\n\n\n<p>Andere sind d\u00fcnnh\u00e4utiger und sie f\u00fchlen, wie die Welt um sie herum zerbricht und es scheint, als ob sie den &#8222;Weltschmerz&#8220; in sich hinein saugen.<\/p>\n\n\n\n<p>Sie f\u00fchlen sich k\u00f6rperlich und geistig nicht wohl, versuchen das Beste daraus zu machen und doch klappt es nicht so richtig mit den alten verkrusteten Verhaltensweisen, die sie gelernt bekamen oder sich  im Laufe ihres Lebens aneigneten.<\/p>\n\n\n\n<p>Was tun? Wie sich ver\u00e4ndern, wenn es doch so keine wirklichen Vorbilder gibt.<\/p>\n\n\n\n<p>Die Einen diskutieren, gef\u00fchlt, ewiglich um den hei\u00dfen Brei herum und denken dass sie damit die Welt ver\u00e4ndern k\u00f6nnen.<\/p>\n\n\n\n<p>Die Anderen drohen und w\u00fcten und drohen und w\u00fcten, und es \u00e4ndert sich auch nichts.<\/p>\n\n\n\n<p>Wann haben wir verlernt, f\u00fcr unser Handeln die Verantwortung zu \u00fcbernehmen und die Konsequenzen zu tragen?<\/p>\n\n\n\n<p>Wurde uns \u00fcberhaupt beigebracht, dass Handeln Verantwortung und Konsequenzen in sich bergen?<\/p>\n\n\n\n<p>Egal wohin ich schaue, mir scheint, es ist Mode sich vor der Verantwortung zu dr\u00fccken.<\/p>\n\n\n\n<p>F\u00fcr sein eigenes, mitunter,  Fehlverhalten, f\u00fcr den Umgang untereinander, miteinander.<\/p>\n\n\n\n<p>\u00dcberhaupt f\u00fcr die Erde , der Planet, der uns tr\u00e4gt, uns ern\u00e4hrt. Uns so vieles Sch\u00f6nes bietet.<\/p>\n\n\n\n<p>Wir leben, also ob wir noch ein paar andere Erden h\u00e4tten.<\/p>\n\n\n\n<p>Und doch gibt es \u00fcberall auf der Welt leise Ans\u00e4tze von Menschen, die so nicht mehr weitermachen wollen.<\/p>\n\n\n\n<p>Die, die &#8222;Herrschende&#8220; hinterfragen, die den Umgang der Menschen untereinander hinterfragen. Die keine Lust mehr auf die Machtstrukturen haben, die diejenigen &#8222;knechten&#8220;, die zu schwach sind sich zu wehren, und die eher besch\u00fctzt werden sollten.<\/p>\n\n\n\n<p>Es gibt diese Menschen, die soziale Wesen sind und ein wohlwollendes Miteinander m\u00f6chten.<\/p>\n\n\n\n<p>Es werden immer mehr und mehr&#8230;&#8230;.<\/p>\n\n\n\n<p>Richte ich meinen Fokus nicht auf das Negative, sondern eher auf das Sch\u00f6ne in dieser Welt, werde ich diese mit anderen Augen wahrnehmen lernen und wertsch\u00e4tzen.<\/p>\n\n\n\n<p>Und wenn ich anfange wertzusch\u00e4tzen, was ich habe und bin und gewillt bin, mit anderen zu teilen, kann diese Erde mit ihrer wundervollen Vielfalt, mit dem Sch\u00f6nen und dem weniger Sch\u00f6nen uns Menschen helfen einen anderen Weg einzuschlagen.<\/p>\n\n\n\n<p>Miteinander, anstatt gegeneinander. Kompromisse, anstatt ein &#8222;Wer gewinnt, hat recht.&#8220;<\/p>\n\n\n\n<p>Wenn mein Verstand das Ego ist, und mein Herz, meine Seele, mein Gef\u00fchl, dann war das Herz zuerst da in der Evolution. Der Verstand, den wir heute kennen, ist geschichtlich noch gar nicht so alt.<\/p>\n\n\n\n<p>Ergo, wieso entscheiden wir uns nicht f\u00fcr das f\u00fcrsorgliche Miteinander, anstatt f\u00fcr das Ego.<\/p>\n\n\n\n<p>Die &#8222;vermeintlich&#8220; Erwachsenen ihre Verpflichtung ist es ihren Nachkommen Wege aufzuzeigen, dass es auch andere M\u00f6glichkeiten gibt.  Die Erde nicht zu zerst\u00f6ren sondern mit ihr im Einklang zu leben, in Verbundenheit.<\/p>\n\n\n\n<p>In der Geschichte der Menschheit sind wir nur ein Sandkorn, gemessen an Millionen von Jahren in der die Erde existiert.<\/p>\n\n\n\n<p>Wann lernen wir wieder Demut? Wir sind nicht so gro\u00dfartig, wie wir meinen zu sein!<\/p>\n\n\n\n<p><\/p>\n","protected":false},"excerpt":{"rendered":"<p>Die Welt der Menschen, wie sie sie bisher gekannt haben, gibt es so nicht mehr. Vorbei mit der Ruhe, mit der Gewohnheit, mit dem Konsum, mit der Bequemlichkeit. Angst und Panik wabert in der Luft und sickert langsam und unaufhaltsam in die Poren vieler Menschen ein. Einige Menschen haben eine &#8222;dicke&#8220; Haut und sie leben &hellip; <\/p>\n<p class=\"link-more\"><a href=\"https:\/\/gespraechstherapie-lauingen.de\/?p=342\" class=\"more-link\"><span class=\"screen-reader-text\">\u201eDie Welt steht Kopf&#8230;&#8230;\u201c <\/span>weiterlesen<\/a><\/p>\n","protected":false},"author":1,"featured_media":0,"comment_status":"open","ping_status":"open","sticky":false,"template":"","format":"standard","meta":{"footnotes":""},"categories":[1],"tags":[53,51,55,50,54,52],"class_list":["post-342","post","type-post","status-publish","format-standard","hentry","category-uncategorized","tag-angst","tag-erde","tag-gewohnheit","tag-mensch","tag-panik","tag-welt"],"_links":{"self":[{"href":"https:\/\/gespraechstherapie-lauingen.de\/index.php?rest_route=\/wp\/v2\/posts\/342","targetHints":{"allow":["GET"]}}],"collection":[{"href":"https:\/\/gespraechstherapie-lauingen.de\/index.php?rest_route=\/wp\/v2\/posts"}],"about":[{"href":"https:\/\/gespraechstherapie-lauingen.de\/index.php?rest_route=\/wp\/v2\/types\/post"}],"author":[{"embeddable":true,"href":"https:\/\/gespraechstherapie-lauingen.de\/index.php?rest_route=\/wp\/v2\/users\/1"}],"replies":[{"embeddable":true,"href":"https:\/\/gespraechstherapie-lauingen.de\/index.php?rest_route=%2Fwp%2Fv2%2Fcomments&post=342"}],"version-history":[{"count":13,"href":"https:\/\/gespraechstherapie-lauingen.de\/index.php?rest_route=\/wp\/v2\/posts\/342\/revisions"}],"predecessor-version":[{"id":356,"href":"https:\/\/gespraechstherapie-lauingen.de\/index.php?rest_route=\/wp\/v2\/posts\/342\/revisions\/356"}],"wp:attachment":[{"href":"https:\/\/gespraechstherapie-lauingen.de\/index.php?rest_route=%2Fwp%2Fv2%2Fmedia&parent=342"}],"wp:term":[{"taxonomy":"category","embeddable":true,"href":"https:\/\/gespraechstherapie-lauingen.de\/index.php?rest_route=%2Fwp%2Fv2%2Fcategories&post=342"},{"taxonomy":"post_tag","embeddable":true,"href":"https:\/\/gespraechstherapie-lauingen.de\/index.php?rest_route=%2Fwp%2Fv2%2Ftags&post=342"}],"curies":[{"name":"wp","href":"https:\/\/api.w.org\/{rel}","templated":true}]}}